{"id":672715,"date":"2025-08-26T15:35:16","date_gmt":"2025-08-26T13:35:16","guid":{"rendered":"https:\/\/www.tourisimaguide.be\/?p=672715"},"modified":"2025-08-27T10:46:48","modified_gmt":"2025-08-27T08:46:48","slug":"salvador-de-bahia-where-brazil-beats-to-the-rhythm-of-africa","status":"publish","type":"post","link":"https:\/\/www.tourisimaguide.be\/en\/salvador-de-bahia-where-brazil-beats-to-the-rhythm-of-africa\/","title":{"rendered":"Salvador de Bahia, where Brazil beats to the rhythm of Africa"},"content":{"rendered":"<p><em>To visit Salvador de Bahia is to plunge into a city where every street, every smile, every note of music tells a story. Between spirituality, music, history and sensuality, it embodies the raw, resilient beauty of the Brazilian people.<\/em><\/p>\n\n\n\n<figure class=\"wp-block-image size-large\"><img fetchpriority=\"high\" decoding=\"async\" width=\"1024\" height=\"575\" src=\"https:\/\/www.tourisimaguide.be\/wp-content\/uploads\/2025\/08\/salvador-2379443_1280-1-1024x575.jpg\" alt=\"\" class=\"wp-image-672819\" srcset=\"https:\/\/www.tourisimaguide.be\/wp-content\/uploads\/2025\/08\/salvador-2379443_1280-1-1024x575.jpg 1024w, https:\/\/www.tourisimaguide.be\/wp-content\/uploads\/2025\/08\/salvador-2379443_1280-1-300x169.jpg 300w, https:\/\/www.tourisimaguide.be\/wp-content\/uploads\/2025\/08\/salvador-2379443_1280-1-768x431.jpg 768w, https:\/\/www.tourisimaguide.be\/wp-content\/uploads\/2025\/08\/salvador-2379443_1280-1-18x10.jpg 18w, https:\/\/www.tourisimaguide.be\/wp-content\/uploads\/2025\/08\/salvador-2379443_1280-1.jpg 1280w\" sizes=\"(max-width: 1024px) 100vw, 1024px\" \/><\/figure>\n\n\n\n<p>As soon as you land at Deputado Lu\u00eds Eduardo Magalh\u00e3es airport, the warm, salty Atlantic air envelops you. The journey to the city center reveals a city of contrasts. Arriving at the <strong>Pelourinho<\/strong>, The journey takes on a whole new dimension in the UNESCO-listed historic heart of the city. Pastel facades, wrought-iron balconies, irregular cobblestones... everything seems frozen in time, yet vibrant with an infectious energy. You're truly gripped by an explosion of color, sound and fragrance. Here, every stone seems to bear the memory of a colonial past that was often painful, but also foundational.<\/p>\n\n\n\n<h2 class=\"wp-block-heading\"><strong>A clash of colors and sounds<\/strong><\/h2>\n\n\n\n<p>In those days, explorers used to name new settlements after saints. But Salvador Bay is so vast and impressive that it was decided to name it Bahia de Todos os Santos, the Bay of All Saints. Brazil's modern history began here in 1501, when Amerigo Vespucci set foot here and, a few years later, the first Portuguese colony was established. Salvador then prospered with the cultivation of sugar cane and became the country's first capital. For centuries, too, slaves were unloaded from Africa in this port, giving the destination its distinctive character.<\/p>\n\n\n\n<figure class=\"wp-block-gallery has-nested-images columns-default is-cropped wp-block-gallery-1 is-layout-flex wp-block-gallery-is-layout-flex\">\n<figure class=\"wp-block-image size-large\"><img decoding=\"async\" width=\"767\" height=\"1024\" data-id=\"672775\" src=\"https:\/\/www.tourisimaguide.be\/wp-content\/uploads\/2025\/08\/Praia-do-Forte-3-767x1024.jpg\" alt=\"\" class=\"wp-image-672775\" srcset=\"https:\/\/www.tourisimaguide.be\/wp-content\/uploads\/2025\/08\/Praia-do-Forte-3-767x1024.jpg 767w, https:\/\/www.tourisimaguide.be\/wp-content\/uploads\/2025\/08\/Praia-do-Forte-3-225x300.jpg 225w, https:\/\/www.tourisimaguide.be\/wp-content\/uploads\/2025\/08\/Praia-do-Forte-3-768x1025.jpg 768w, https:\/\/www.tourisimaguide.be\/wp-content\/uploads\/2025\/08\/Praia-do-Forte-3-1151x1536.jpg 1151w, https:\/\/www.tourisimaguide.be\/wp-content\/uploads\/2025\/08\/Praia-do-Forte-3-9x12.webp 9w, https:\/\/www.tourisimaguide.be\/wp-content\/uploads\/2025\/08\/Praia-do-Forte-3.jpg 1199w\" sizes=\"(max-width: 767px) 100vw, 767px\" \/><\/figure>\n\n\n\n<figure class=\"wp-block-image size-large\"><img decoding=\"async\" width=\"768\" height=\"1024\" data-id=\"672776\" src=\"https:\/\/www.tourisimaguide.be\/wp-content\/uploads\/2025\/08\/Salvador-Ville-haute-Pelourinho-Street-Art-2-768x1024.jpg\" alt=\"\" class=\"wp-image-672776\" srcset=\"https:\/\/www.tourisimaguide.be\/wp-content\/uploads\/2025\/08\/Salvador-Ville-haute-Pelourinho-Street-Art-2-768x1024.jpg 768w, https:\/\/www.tourisimaguide.be\/wp-content\/uploads\/2025\/08\/Salvador-Ville-haute-Pelourinho-Street-Art-2-225x300.jpg 225w, https:\/\/www.tourisimaguide.be\/wp-content\/uploads\/2025\/08\/Salvador-Ville-haute-Pelourinho-Street-Art-2-1152x1536.jpg 1152w, https:\/\/www.tourisimaguide.be\/wp-content\/uploads\/2025\/08\/Salvador-Ville-haute-Pelourinho-Street-Art-2-9x12.jpg 9w, https:\/\/www.tourisimaguide.be\/wp-content\/uploads\/2025\/08\/Salvador-Ville-haute-Pelourinho-Street-Art-2.jpg 1512w\" sizes=\"(max-width: 768px) 100vw, 768px\" \/><\/figure>\n<\/figure>\n\n\n\n<h2 class=\"wp-block-heading\"><strong>Encounter with the Afro-Brazilian soul<\/strong><\/h2>\n\n\n\n<p>Salvador is the cradle of Afro-Brazilian culture. Here, African roots are not hidden: they are celebrated. Firstly, through the <strong>capoeira<\/strong>, capoeira, a cross between dance and martial arts that has become one of Brazil's symbols. As one of its masters points out during a demonstration, \u00abcapoeira has always represented our resistance, our art and our freedom\u00bb. For centuries, it was one of the only ways for deportees to express themselves. You can attend training sessions and demonstrations at several of the city's schools. But we also recommend attending the night show of the Bahia Folk Ballet (Miguel Santana de Pelourinho). It's truly impressive: bodies twirl, drums resound, songs soar. There's a unique atmosphere that can only be found in this Brazilian city.<\/p>\n\n\n\n<figure class=\"wp-block-gallery has-nested-images columns-default is-cropped wp-block-gallery-2 is-layout-flex wp-block-gallery-is-layout-flex\">\n<figure class=\"wp-block-image size-large\"><img loading=\"lazy\" decoding=\"async\" width=\"568\" height=\"1024\" data-id=\"672767\" src=\"https:\/\/www.tourisimaguide.be\/wp-content\/uploads\/2025\/08\/Salvador-Capoera-2-568x1024.jpg\" alt=\"\" class=\"wp-image-672767\" srcset=\"https:\/\/www.tourisimaguide.be\/wp-content\/uploads\/2025\/08\/Salvador-Capoera-2-568x1024.jpg 568w, https:\/\/www.tourisimaguide.be\/wp-content\/uploads\/2025\/08\/Salvador-Capoera-2-167x300.jpg 167w, https:\/\/www.tourisimaguide.be\/wp-content\/uploads\/2025\/08\/Salvador-Capoera-2-768x1384.jpg 768w, https:\/\/www.tourisimaguide.be\/wp-content\/uploads\/2025\/08\/Salvador-Capoera-2-852x1536.jpg 852w, https:\/\/www.tourisimaguide.be\/wp-content\/uploads\/2025\/08\/Salvador-Capoera-2-7x12.webp 7w, https:\/\/www.tourisimaguide.be\/wp-content\/uploads\/2025\/08\/Salvador-Capoera-2.jpg 888w\" sizes=\"(max-width: 568px) 100vw, 568px\" \/><\/figure>\n\n\n\n<figure class=\"wp-block-image size-large\"><img loading=\"lazy\" decoding=\"async\" width=\"581\" height=\"1024\" data-id=\"672768\" src=\"https:\/\/www.tourisimaguide.be\/wp-content\/uploads\/2025\/08\/Salvador-Capoera-581x1024.jpg\" alt=\"\" class=\"wp-image-672768\" srcset=\"https:\/\/www.tourisimaguide.be\/wp-content\/uploads\/2025\/08\/Salvador-Capoera-581x1024.jpg 581w, https:\/\/www.tourisimaguide.be\/wp-content\/uploads\/2025\/08\/Salvador-Capoera-170x300.jpg 170w, https:\/\/www.tourisimaguide.be\/wp-content\/uploads\/2025\/08\/Salvador-Capoera-768x1353.jpg 768w, https:\/\/www.tourisimaguide.be\/wp-content\/uploads\/2025\/08\/Salvador-Capoera-872x1536.jpg 872w, https:\/\/www.tourisimaguide.be\/wp-content\/uploads\/2025\/08\/Salvador-Capoera-7x12.jpg 7w, https:\/\/www.tourisimaguide.be\/wp-content\/uploads\/2025\/08\/Salvador-Capoera.jpg 908w\" sizes=\"(max-width: 581px) 100vw, 581px\" \/><\/figure>\n<\/figure>\n\n\n\n<p>The other aspect of this mixed culture is the <strong>candombl\u00e9<\/strong>, a belief that blends Christianity and African rites. In this atypical form of spirituality, the orix\u00e1s - African deities - are honored in a mystical trance. The songs, dances and offerings are imbued with mystery and respect. This fusion of African beliefs and Catholicism profoundly shapes the city's atypical identity.<\/p>\n\n\n\n<h2 class=\"wp-block-heading\"><strong>Carnival, a collective trance<\/strong><\/h2>\n\n\n\n<p>And then of course there's the <strong>carnival<\/strong>. The only difference is that in Salvador de Bahia, Carnival isn't something to watch: it's something to dance to. Unlike Rio, here everyone mingles, and the festivities take place in the streets, as close to the people as possible. <strong>trios el\u00e9tricos<\/strong> - sound trucks - and jubilant crowds. The music comes from everywhere, but it's mainly the percussion that makes the floor vibrate, and the dancers that electrify the crowd.<\/p>\n\n\n\n<figure class=\"wp-block-gallery has-nested-images columns-default is-cropped wp-block-gallery-3 is-layout-flex wp-block-gallery-is-layout-flex\">\n<figure class=\"wp-block-image size-large\"><img loading=\"lazy\" decoding=\"async\" width=\"585\" height=\"1024\" data-id=\"672777\" src=\"https:\/\/www.tourisimaguide.be\/wp-content\/uploads\/2025\/08\/Salvador-Bale-Folclorico-da-Bahia-2-585x1024.jpg\" alt=\"\" class=\"wp-image-672777\" srcset=\"https:\/\/www.tourisimaguide.be\/wp-content\/uploads\/2025\/08\/Salvador-Bale-Folclorico-da-Bahia-2-585x1024.jpg 585w, https:\/\/www.tourisimaguide.be\/wp-content\/uploads\/2025\/08\/Salvador-Bale-Folclorico-da-Bahia-2-171x300.jpg 171w, https:\/\/www.tourisimaguide.be\/wp-content\/uploads\/2025\/08\/Salvador-Bale-Folclorico-da-Bahia-2-768x1344.jpg 768w, https:\/\/www.tourisimaguide.be\/wp-content\/uploads\/2025\/08\/Salvador-Bale-Folclorico-da-Bahia-2-877x1536.jpg 877w, https:\/\/www.tourisimaguide.be\/wp-content\/uploads\/2025\/08\/Salvador-Bale-Folclorico-da-Bahia-2-7x12.jpg 7w, https:\/\/www.tourisimaguide.be\/wp-content\/uploads\/2025\/08\/Salvador-Bale-Folclorico-da-Bahia-2.jpg 914w\" sizes=\"(max-width: 585px) 100vw, 585px\" \/><\/figure>\n\n\n\n<figure class=\"wp-block-image size-large\"><img loading=\"lazy\" decoding=\"async\" width=\"768\" height=\"1024\" data-id=\"672778\" src=\"https:\/\/www.tourisimaguide.be\/wp-content\/uploads\/2025\/08\/Salvador-classe-percussion-3-768x1024.jpg\" alt=\"\" class=\"wp-image-672778\" srcset=\"https:\/\/www.tourisimaguide.be\/wp-content\/uploads\/2025\/08\/Salvador-classe-percussion-3-768x1024.jpg 768w, https:\/\/www.tourisimaguide.be\/wp-content\/uploads\/2025\/08\/Salvador-classe-percussion-3-225x300.jpg 225w, https:\/\/www.tourisimaguide.be\/wp-content\/uploads\/2025\/08\/Salvador-classe-percussion-3-1152x1536.jpg 1152w, https:\/\/www.tourisimaguide.be\/wp-content\/uploads\/2025\/08\/Salvador-classe-percussion-3-9x12.jpg 9w, https:\/\/www.tourisimaguide.be\/wp-content\/uploads\/2025\/08\/Salvador-classe-percussion-3.jpg 1536w\" sizes=\"(max-width: 768px) 100vw, 768px\" \/><\/figure>\n<\/figure>\n\n\n\n<h2 class=\"wp-block-heading\"><strong>Bahia in flavors and scents<\/strong><\/h2>\n\n\n\n<p>Bahian gastronomy is a journey in itself. And it can be tasted just about everywhere, starting in the street. In a busy square, a Bahian woman in traditional dress serves a <strong>acaraj\u00e9<\/strong> crispy, garnished with shrimp and bean paste. The taste is powerful, spicy and unforgettable. To bring a little of this culinary culture home, several addresses offer cooking classes. And you can't go to Brazil without treating yourself to a meal of grilled meats in a churrascaria. And without strolling through the colorful markets. At the S\u00e3o Joaquim market, stalls overflow with tropical fruits, fish and spices, in a warm, authentic atmosphere. Salvador de Bahia is not a frozen postcard. It's a city that pulsates, that struggles, that sings. A place where the painful history of slavery has given birth to a flamboyant and resilient culture. <\/p>\n\n\n\n<figure class=\"wp-block-image size-large\"><img loading=\"lazy\" decoding=\"async\" width=\"1024\" height=\"768\" src=\"https:\/\/www.tourisimaguide.be\/wp-content\/uploads\/2025\/08\/Salvador-Preparation-fete-Sao-Jao-tous-les-ans-au-24.06-1024x768.jpg\" alt=\"\" class=\"wp-image-672773\" srcset=\"https:\/\/www.tourisimaguide.be\/wp-content\/uploads\/2025\/08\/Salvador-Preparation-fete-Sao-Jao-tous-les-ans-au-24.06-1024x768.jpg 1024w, https:\/\/www.tourisimaguide.be\/wp-content\/uploads\/2025\/08\/Salvador-Preparation-fete-Sao-Jao-tous-les-ans-au-24.06-300x225.jpg 300w, https:\/\/www.tourisimaguide.be\/wp-content\/uploads\/2025\/08\/Salvador-Preparation-fete-Sao-Jao-tous-les-ans-au-24.06-768x576.jpg 768w, https:\/\/www.tourisimaguide.be\/wp-content\/uploads\/2025\/08\/Salvador-Preparation-fete-Sao-Jao-tous-les-ans-au-24.06-16x12.jpg 16w, https:\/\/www.tourisimaguide.be\/wp-content\/uploads\/2025\/08\/Salvador-Preparation-fete-Sao-Jao-tous-les-ans-au-24.06.jpg 1200w\" sizes=\"(max-width: 1024px) 100vw, 1024px\" \/><\/figure>\n\n\n\n<h2 class=\"wp-block-heading\"><strong>Sunset over Praia do Forte<\/strong><\/h2>\n\n\n\n<p>Of course, Salvador also has its beaches, like the one at\u2019<strong>Itapu\u00e3<\/strong>, made famous by the songs of Vinicius de Moraes. Warm sand, coconut palms and gentle waves offer a suspended moment, facing the immensity of the ocean.<\/p>\n\n\n\n<p>Continuing the route 70 km to the north, heading for <strong>Praia do Forte<\/strong>. This former fishing village is a wonderful retreat from the hustle and bustle of the city. Sandy beaches, lots of <em>pousadas<\/em> and, when the sea retreats, you can swim in the natural pools that form small turquoise lagoons. You can also go whale watching at sea. On land, the nature reserve invites you to go canoeing on the river. You can also explore the area on quad bikes, or take off on a paragliding flight...<\/p>\n\n\n\n<figure class=\"wp-block-image size-large\"><img loading=\"lazy\" decoding=\"async\" width=\"1024\" height=\"768\" src=\"https:\/\/www.tourisimaguide.be\/wp-content\/uploads\/2025\/08\/Praia-do-Forte-1-1024x768.jpg\" alt=\"Salvador de Bahia\" class=\"wp-image-672814\" srcset=\"https:\/\/www.tourisimaguide.be\/wp-content\/uploads\/2025\/08\/Praia-do-Forte-1-1024x768.jpg 1024w, https:\/\/www.tourisimaguide.be\/wp-content\/uploads\/2025\/08\/Praia-do-Forte-1-300x225.jpg 300w, https:\/\/www.tourisimaguide.be\/wp-content\/uploads\/2025\/08\/Praia-do-Forte-1-768x576.jpg 768w, https:\/\/www.tourisimaguide.be\/wp-content\/uploads\/2025\/08\/Praia-do-Forte-1-16x12.webp 16w, https:\/\/www.tourisimaguide.be\/wp-content\/uploads\/2025\/08\/Praia-do-Forte-1.jpg 1500w\" sizes=\"(max-width: 1024px) 100vw, 1024px\" \/><\/figure>\n\n\n\n<p>But the other must-see discovery at Praia do Forte is a magnificent ecological project: <em>Projeto Tamar<\/em>, is dedicated to the protection of sea turtles, which breed in large numbers on the Brazilian coast. To date, more than 4 million of these fascinating animals have been rescued by the 22 centers. <em>Tamar <\/em>in the country. Praia do Forte is one of the oldest. Here you can observe 5 species of turtle being cared for in large tanks.<\/p>\n\n\n\n<figure class=\"wp-block-image size-large\"><img loading=\"lazy\" decoding=\"async\" width=\"1024\" height=\"768\" src=\"https:\/\/www.tourisimaguide.be\/wp-content\/uploads\/2025\/08\/Praia-do-Forte-Projeto-Tamar-Protection-tortues-marines-3-1024x768.jpg\" alt=\"\" class=\"wp-image-672771\" srcset=\"https:\/\/www.tourisimaguide.be\/wp-content\/uploads\/2025\/08\/Praia-do-Forte-Projeto-Tamar-Protection-tortues-marines-3-1024x768.jpg 1024w, https:\/\/www.tourisimaguide.be\/wp-content\/uploads\/2025\/08\/Praia-do-Forte-Projeto-Tamar-Protection-tortues-marines-3-300x225.jpg 300w, https:\/\/www.tourisimaguide.be\/wp-content\/uploads\/2025\/08\/Praia-do-Forte-Projeto-Tamar-Protection-tortues-marines-3-768x576.jpg 768w, https:\/\/www.tourisimaguide.be\/wp-content\/uploads\/2025\/08\/Praia-do-Forte-Projeto-Tamar-Protection-tortues-marines-3-16x12.jpg 16w, https:\/\/www.tourisimaguide.be\/wp-content\/uploads\/2025\/08\/Praia-do-Forte-Projeto-Tamar-Protection-tortues-marines-3.jpg 1200w\" sizes=\"(max-width: 1024px) 100vw, 1024px\" \/><\/figure>\n\n\n\n<h2 class=\"wp-block-heading\"><strong><u>5 must-sees in Salvador de Bahia<\/u>&nbsp;:<\/strong><\/h2>\n\n\n\n<ol class=\"wp-block-list\">\n<li><strong>S\u00e3o Francisco church and convent<\/strong>\u00a0masterpieces of Baroque art, these 18th-century religious buildings<sup>e<\/sup> century are renowned for their liturgical ornaments, statues and furnishings. <\/li>\n\n\n\n<li><strong>Itaipava Arena Fonte Nova\u00a0<\/strong>The stadium has hosted the Olympic Games, World Cup soccer matches and concerts. <\/li>\n\n\n\n<li><strong>Ponta do Humait\u00e1<\/strong>\u00a0on a romantic jetty that plunges into the bay, a lighthouse and a 16th-century church.<sup>e<\/sup> century and a few colonial houses. A magical place to enjoy a sunset and spectacular views over the city. <\/li>\n\n\n\n<li><strong>Elevador Lacerda\u00a0<\/strong>This elevator, built in the 19th<sup>e<\/sup> century takes you to the top of a tower for a breathtaking view of the city and ocean. <\/li>\n\n\n\n<li><strong>Mercado Modelo\u00a0<\/strong>This vast covered market in the port is full of souvenirs to bring back home. <\/li>\n<\/ol>\n\n\n\n<div style=\"height:30px\" aria-hidden=\"true\" class=\"wp-block-spacer\"><\/div>\n\n\n\n<figure class=\"wp-block-gallery has-nested-images columns-default is-cropped wp-block-gallery-4 is-layout-flex wp-block-gallery-is-layout-flex\">\n<figure class=\"wp-block-image size-large\"><img loading=\"lazy\" decoding=\"async\" width=\"576\" height=\"1024\" data-id=\"672816\" src=\"https:\/\/www.tourisimaguide.be\/wp-content\/uploads\/2025\/08\/Salvador-largo-do-Pelourinho-night-576x1024.jpg\" alt=\"\" class=\"wp-image-672816\" srcset=\"https:\/\/www.tourisimaguide.be\/wp-content\/uploads\/2025\/08\/Salvador-largo-do-Pelourinho-night-576x1024.jpg 576w, https:\/\/www.tourisimaguide.be\/wp-content\/uploads\/2025\/08\/Salvador-largo-do-Pelourinho-night-169x300.jpg 169w, https:\/\/www.tourisimaguide.be\/wp-content\/uploads\/2025\/08\/Salvador-largo-do-Pelourinho-night-768x1365.jpg 768w, https:\/\/www.tourisimaguide.be\/wp-content\/uploads\/2025\/08\/Salvador-largo-do-Pelourinho-night-864x1536.jpg 864w, https:\/\/www.tourisimaguide.be\/wp-content\/uploads\/2025\/08\/Salvador-largo-do-Pelourinho-night-7x12.webp 7w, https:\/\/www.tourisimaguide.be\/wp-content\/uploads\/2025\/08\/Salvador-largo-do-Pelourinho-night.jpg 900w\" sizes=\"(max-width: 576px) 100vw, 576px\" \/><\/figure>\n\n\n\n<figure class=\"wp-block-image size-large\"><img loading=\"lazy\" decoding=\"async\" width=\"576\" height=\"1024\" data-id=\"672817\" src=\"https:\/\/www.tourisimaguide.be\/wp-content\/uploads\/2025\/08\/Salvador-Les-rubans-de-Bonfim-576x1024.jpg\" alt=\"\" class=\"wp-image-672817\" srcset=\"https:\/\/www.tourisimaguide.be\/wp-content\/uploads\/2025\/08\/Salvador-Les-rubans-de-Bonfim-576x1024.jpg 576w, https:\/\/www.tourisimaguide.be\/wp-content\/uploads\/2025\/08\/Salvador-Les-rubans-de-Bonfim-169x300.jpg 169w, https:\/\/www.tourisimaguide.be\/wp-content\/uploads\/2025\/08\/Salvador-Les-rubans-de-Bonfim-768x1365.jpg 768w, https:\/\/www.tourisimaguide.be\/wp-content\/uploads\/2025\/08\/Salvador-Les-rubans-de-Bonfim-864x1536.jpg 864w, https:\/\/www.tourisimaguide.be\/wp-content\/uploads\/2025\/08\/Salvador-Les-rubans-de-Bonfim-7x12.webp 7w, https:\/\/www.tourisimaguide.be\/wp-content\/uploads\/2025\/08\/Salvador-Les-rubans-de-Bonfim.jpg 900w\" sizes=\"(max-width: 576px) 100vw, 576px\" \/><\/figure>\n<\/figure>\n\n\n\n<div style=\"height:48px\" aria-hidden=\"true\" class=\"wp-block-spacer\"><\/div>\n\n\n\n<h2 class=\"wp-block-heading\"><strong><u>Air Europa, direct to Bahia<\/u><\/strong><\/h2>\n\n\n\n<p>We were transported by <strong>Air Europa<\/strong> (SkyTeam alliance) from Brussels Airport. With its dense network of transatlantic routes, Air Europa acts as a bridge between Europe and Latin America. It operates four weekly flights to Salvador de Bahia from Brussels, Paris and many other European cities via Madrid. Services are operated by comfortable, new-generation Boeing 787 aircraft. On board, a choice of two classes (business and economy), meals and beverages, a wide selection of entertainment and Wi-Fi connection (at an additional cost).<\/p>\n\n\n\n<p>Air Europa also offers flights to S\u00e3o Paulo to start a tour of Brazil, visiting the classics: Igua\u00e7u, Rio de Janeiro &amp; Salvador de Bahia. Once in Salvador de Bahia, you can of course extend your stay in Praia do Forte. <a href=\"http:\/\/www.aireuropa.com\" target=\"_blank\" rel=\"noopener\">www.aireuropa.com<\/a>.<\/p>\n\n\n\n<figure class=\"wp-block-image size-large\"><img loading=\"lazy\" decoding=\"async\" width=\"1024\" height=\"683\" src=\"https:\/\/www.tourisimaguide.be\/wp-content\/uploads\/2021\/05\/Air-europa-e1621417749400-1024x683.jpg\" alt=\"Air Europa Flight\" class=\"wp-image-171218\" srcset=\"https:\/\/www.tourisimaguide.be\/wp-content\/uploads\/2021\/05\/Air-europa-e1621417749400-1024x683.jpg 1024w, https:\/\/www.tourisimaguide.be\/wp-content\/uploads\/2021\/05\/Air-europa-e1621417749400-300x200.jpg 300w, https:\/\/www.tourisimaguide.be\/wp-content\/uploads\/2021\/05\/Air-europa-e1621417749400-768x512.jpg 768w, https:\/\/www.tourisimaguide.be\/wp-content\/uploads\/2021\/05\/Air-europa-e1621417749400-1536x1025.jpg 1536w, https:\/\/www.tourisimaguide.be\/wp-content\/uploads\/2021\/05\/Air-europa-e1621417749400-16x12.jpg 16w, https:\/\/www.tourisimaguide.be\/wp-content\/uploads\/2021\/05\/Air-europa-e1621417749400.jpg 1623w\" sizes=\"(max-width: 1024px) 100vw, 1024px\" \/><\/figure>\n\n\n\n<p><\/p>\n\n\n\n<h2 class=\"wp-block-heading\"><strong><u>Diamond Lounge, a welcome stopover before your flight<\/u><\/strong><\/h2>\n\n\n\n<p>Brussels Airport boasts several relaxing and luxurious lounge areas. Located in the Schengen destinations section, the <strong>Diamond Lounge<\/strong> is brightly lit and offers a breathtaking view of the slopes. There's nothing better than waiting for your flight with a delicious Belgian beer, a glass of wine... and choosing from a selection of fresh culinary delights, then indulging in the best Belgian chocolate.<\/p>\n\n\n\n<p>And did you know about these packs offered by the airport? Firstly, the \u2018chill pack\u2019, which allows you to skip the security queue and then grab a bite to eat before your flight. Then there's the comfort pack, which not only gives you access to the fast lane at security checkpoint, but also lets you relax in the lounge afterwards.<\/p>\n\n\n\n<p>Information and reservations: <a href=\"https:\/\/shop.brusselsairport.be\" target=\"_blank\" rel=\"noopener\">https:\/\/shop.brusselsairport.be<\/a>.<\/p>\n\n\n\n<p><\/p>\n\n\n\n<figure class=\"wp-block-image size-large\"><img loading=\"lazy\" decoding=\"async\" width=\"1024\" height=\"682\" src=\"https:\/\/www.tourisimaguide.be\/wp-content\/uploads\/2025\/08\/DSF1981-1024x682.jpg\" alt=\"Brussels airport - lounge Diamond\" class=\"wp-image-672811\" srcset=\"https:\/\/www.tourisimaguide.be\/wp-content\/uploads\/2025\/08\/DSF1981-1024x682.jpg 1024w, https:\/\/www.tourisimaguide.be\/wp-content\/uploads\/2025\/08\/DSF1981-300x200.jpg 300w, https:\/\/www.tourisimaguide.be\/wp-content\/uploads\/2025\/08\/DSF1981-768x512.jpg 768w, https:\/\/www.tourisimaguide.be\/wp-content\/uploads\/2025\/08\/DSF1981-18x12.jpg 18w, https:\/\/www.tourisimaguide.be\/wp-content\/uploads\/2025\/08\/DSF1981.jpg 1400w\" sizes=\"(max-width: 1024px) 100vw, 1024px\" \/><\/figure>\n\n\n\n<p><\/p>\n\n\n\n<h2 class=\"wp-block-heading\"><strong><u>Sudamerica Tours: tailor-made experiences<\/u><\/strong><\/h2>\n\n\n\n<p>On site, we travelled with <strong>Sudamerica Tours<\/strong>. A specialist in Latin American destinations for over 35 years, this tour operator knows them like the back of its hand. <strong>tailor-made experiences<\/strong>, These tours are carefully designed by specialists who know every corner of the countries they visit. Our staff return regularly to fine-tune tours, select the best accommodation and guarantee authentic cultural immersion.<\/p>\n\n\n\n<p>Brochures and reservations in travel agencies, info on <a href=\"http:\/\/www.sudamericatours.be\" target=\"_blank\" rel=\"noopener\">www.sudamericatours.be<\/a>.<strong><\/strong><\/p>\n\n\n\n<figure class=\"wp-block-gallery has-nested-images columns-default is-cropped wp-block-gallery-5 is-layout-flex wp-block-gallery-is-layout-flex\">\n<figure class=\"wp-block-image size-large\"><img loading=\"lazy\" decoding=\"async\" width=\"768\" height=\"1024\" data-id=\"672823\" src=\"https:\/\/www.tourisimaguide.be\/wp-content\/uploads\/2025\/08\/Salvador-Centre-historique-3-768x1024.jpg\" alt=\"\" class=\"wp-image-672823\" srcset=\"https:\/\/www.tourisimaguide.be\/wp-content\/uploads\/2025\/08\/Salvador-Centre-historique-3-768x1024.jpg 768w, https:\/\/www.tourisimaguide.be\/wp-content\/uploads\/2025\/08\/Salvador-Centre-historique-3-225x300.jpg 225w, https:\/\/www.tourisimaguide.be\/wp-content\/uploads\/2025\/08\/Salvador-Centre-historique-3-1152x1536.jpg 1152w, https:\/\/www.tourisimaguide.be\/wp-content\/uploads\/2025\/08\/Salvador-Centre-historique-3-9x12.jpg 9w, https:\/\/www.tourisimaguide.be\/wp-content\/uploads\/2025\/08\/Salvador-Centre-historique-3.jpg 1536w\" sizes=\"(max-width: 768px) 100vw, 768px\" \/><\/figure>\n\n\n\n<figure class=\"wp-block-image size-large\"><img loading=\"lazy\" decoding=\"async\" width=\"768\" height=\"1024\" data-id=\"672824\" src=\"https:\/\/www.tourisimaguide.be\/wp-content\/uploads\/2025\/08\/Salvador-Ville-haute-Pelourinho-Street-Art-1-768x1024.jpg\" alt=\"\" class=\"wp-image-672824\" srcset=\"https:\/\/www.tourisimaguide.be\/wp-content\/uploads\/2025\/08\/Salvador-Ville-haute-Pelourinho-Street-Art-1-768x1024.jpg 768w, https:\/\/www.tourisimaguide.be\/wp-content\/uploads\/2025\/08\/Salvador-Ville-haute-Pelourinho-Street-Art-1-225x300.jpg 225w, https:\/\/www.tourisimaguide.be\/wp-content\/uploads\/2025\/08\/Salvador-Ville-haute-Pelourinho-Street-Art-1-1152x1536.jpg 1152w, https:\/\/www.tourisimaguide.be\/wp-content\/uploads\/2025\/08\/Salvador-Ville-haute-Pelourinho-Street-Art-1-1536x2048.jpg 1536w, https:\/\/www.tourisimaguide.be\/wp-content\/uploads\/2025\/08\/Salvador-Ville-haute-Pelourinho-Street-Art-1-9x12.jpg 9w, https:\/\/www.tourisimaguide.be\/wp-content\/uploads\/2025\/08\/Salvador-Ville-haute-Pelourinho-Street-Art-1-scaled.jpg 1920w\" sizes=\"(max-width: 768px) 100vw, 768px\" \/><\/figure>\n<\/figure>","protected":false},"excerpt":{"rendered":"<p>Visiter Salvador de Bahia, c\u2019est plonger dans une ville o\u00f9 chaque rue, chaque sourire, chaque note de musique raconte une histoire. Entre spiritualit\u00e9, musique, histoire et sensualit\u00e9, elle incarne la beaut\u00e9 brute et r\u00e9siliente du peuple br\u00e9silien. D\u00e8s l\u2019atterrissage \u00e0 l\u2019a\u00e9roport Deputado Lu\u00eds Eduardo Magalh\u00e3es, l\u2019air chaud et sal\u00e9 de l\u2019Atlantique vous enveloppe. Le trajet [&hellip;]<\/p>\n","protected":false},"author":11,"featured_media":672774,"comment_status":"closed","ping_status":"open","sticky":false,"template":"","format":"standard","meta":{"footnotes":""},"categories":[],"tags":[],"class_list":["post-672715","post","type-post","status-publish","format-standard","has-post-thumbnail","hentry"],"_links":{"self":[{"href":"https:\/\/www.tourisimaguide.be\/en\/wp-json\/wp\/v2\/posts\/672715","targetHints":{"allow":["GET"]}}],"collection":[{"href":"https:\/\/www.tourisimaguide.be\/en\/wp-json\/wp\/v2\/posts"}],"about":[{"href":"https:\/\/www.tourisimaguide.be\/en\/wp-json\/wp\/v2\/types\/post"}],"author":[{"embeddable":true,"href":"https:\/\/www.tourisimaguide.be\/en\/wp-json\/wp\/v2\/users\/11"}],"replies":[{"embeddable":true,"href":"https:\/\/www.tourisimaguide.be\/en\/wp-json\/wp\/v2\/comments?post=672715"}],"version-history":[{"count":18,"href":"https:\/\/www.tourisimaguide.be\/en\/wp-json\/wp\/v2\/posts\/672715\/revisions"}],"predecessor-version":[{"id":672840,"href":"https:\/\/www.tourisimaguide.be\/en\/wp-json\/wp\/v2\/posts\/672715\/revisions\/672840"}],"wp:featuredmedia":[{"embeddable":true,"href":"https:\/\/www.tourisimaguide.be\/en\/wp-json\/wp\/v2\/media\/672774"}],"wp:attachment":[{"href":"https:\/\/www.tourisimaguide.be\/en\/wp-json\/wp\/v2\/media?parent=672715"}],"wp:term":[{"taxonomy":"category","embeddable":true,"href":"https:\/\/www.tourisimaguide.be\/en\/wp-json\/wp\/v2\/categories?post=672715"},{"taxonomy":"post_tag","embeddable":true,"href":"https:\/\/www.tourisimaguide.be\/en\/wp-json\/wp\/v2\/tags?post=672715"}],"curies":[{"name":"wp","href":"https:\/\/api.w.org\/{rel}","templated":true}]}}