{"id":673416,"date":"2025-11-11T18:19:13","date_gmt":"2025-11-11T17:19:13","guid":{"rendered":"https:\/\/www.tourisimaguide.be\/?p=673416"},"modified":"2025-11-13T09:52:13","modified_gmt":"2025-11-13T08:52:13","slug":"south-tyrol-italian-style-snow","status":"publish","type":"post","link":"https:\/\/www.tourisimaguide.be\/en\/south-tyrol-italian-style-snow\/","title":{"rendered":"Dolomites, Italian snow"},"content":{"rendered":"<p><em>Painters, writers and poets have all extolled the beauty of the Dolomites. The Dolomites boast some of the most beautiful mountain scenery on the planet. In addition to abundant snow and sunshine, the Dolomites also boast a particularly seductive art of living.<\/em><\/p>\n\n\n\n<p>By <em>Eric Vancleynenbreugel<\/em><\/p>\n\n\n\n<figure class=\"wp-block-image size-large\"><img fetchpriority=\"high\" decoding=\"async\" width=\"1024\" height=\"682\" src=\"https:\/\/www.tourisimaguide.be\/wp-content\/uploads\/2025\/11\/Val-Gardena-14-1024x682.jpg\" alt=\"\" class=\"wp-image-673433\" srcset=\"https:\/\/www.tourisimaguide.be\/wp-content\/uploads\/2025\/11\/Val-Gardena-14-1024x682.jpg 1024w, https:\/\/www.tourisimaguide.be\/wp-content\/uploads\/2025\/11\/Val-Gardena-14-300x200.jpg 300w, https:\/\/www.tourisimaguide.be\/wp-content\/uploads\/2025\/11\/Val-Gardena-14-768x512.jpg 768w, https:\/\/www.tourisimaguide.be\/wp-content\/uploads\/2025\/11\/Val-Gardena-14-1536x1024.jpg 1536w, https:\/\/www.tourisimaguide.be\/wp-content\/uploads\/2025\/11\/Val-Gardena-14-18x12.jpg 18w, https:\/\/www.tourisimaguide.be\/wp-content\/uploads\/2025\/11\/Val-Gardena-14.jpg 2000w\" sizes=\"(max-width: 1024px) 100vw, 1024px\" \/><\/figure>\n\n\n\n<p>German or Italian? When I ask him what his mother tongue is, the cab driver taking us from Bolzano airport to Val Gardena replies: \u00abNeither, I speak Ladin. There are only a few thousand of us, but in my village of Ortisei, everyone speaks it. It's a very old language, not widely spoken, and it's said to be in the same family as Rhaeto-Romanche from Grisons,\u00bb he continues. It's easy to see that South Tyrol is an astonishing patchwork of languages and traditions. Veronika, our guide, confirms this when she takes us on a tour of the ski region, which extends over a vast area at the foot of the famous Plattkofel and Langkofel mountains. Although she speaks German at home, she explains that here, people often start a conversation in one language, then continue in another, adding a few words of a third along the way... Which just goes to show that here, people always manage to understand and make themselves understood in one way or another!<\/p>\n\n\n\n<figure class=\"wp-block-image size-large\"><img decoding=\"async\" width=\"1024\" height=\"682\" src=\"https:\/\/www.tourisimaguide.be\/wp-content\/uploads\/2025\/11\/Val-Gardena-1-1024x682.jpg\" alt=\"\" class=\"wp-image-673430\" srcset=\"https:\/\/www.tourisimaguide.be\/wp-content\/uploads\/2025\/11\/Val-Gardena-1-1024x682.jpg 1024w, https:\/\/www.tourisimaguide.be\/wp-content\/uploads\/2025\/11\/Val-Gardena-1-300x200.jpg 300w, https:\/\/www.tourisimaguide.be\/wp-content\/uploads\/2025\/11\/Val-Gardena-1-768x512.jpg 768w, https:\/\/www.tourisimaguide.be\/wp-content\/uploads\/2025\/11\/Val-Gardena-1-1536x1024.jpg 1536w, https:\/\/www.tourisimaguide.be\/wp-content\/uploads\/2025\/11\/Val-Gardena-1-18x12.webp 18w, https:\/\/www.tourisimaguide.be\/wp-content\/uploads\/2025\/11\/Val-Gardena-1.jpg 2000w\" sizes=\"(max-width: 1024px) 100vw, 1024px\" \/><\/figure>\n\n\n\n<h2 class=\"wp-block-heading\"><strong>Pink ramparts<\/strong><\/h2>\n\n\n\n<p>The landscapes of South Tyrol are sublime! This is perhaps the first reason to visit: nature is so incredible. Some mountains seem to spring from the ground, with slopes of unheard-of verticality, ending in... flattened peaks. Other peaks are so chiselled and biscornus that they seem almost artificial. And as soon as the rays of the rising or setting sun graze them, the dolomitic rocks turn purple and pink before turning purple. This phenomenon is so unique that it has been given a name: \u00abenrosadira\u00bb. No wonder Reinhold Messner, the first mountaineer to have conquered all 8,000 metres of the planet, called them \u00abthe most beautiful mountains in the world\u00bb. In 2009, UNESCO decided to follow Messner's lead and classify part of the Dolomites as a natural World Heritage Site.&nbsp;<\/p>\n\n\n\n<figure class=\"wp-block-image size-large\"><img decoding=\"async\" width=\"1024\" height=\"683\" src=\"https:\/\/www.tourisimaguide.be\/wp-content\/uploads\/2025\/11\/idm07326-1024x683.jpg\" alt=\"\" class=\"wp-image-673444\" srcset=\"https:\/\/www.tourisimaguide.be\/wp-content\/uploads\/2025\/11\/idm07326-1024x683.jpg 1024w, https:\/\/www.tourisimaguide.be\/wp-content\/uploads\/2025\/11\/idm07326-300x200.jpg 300w, https:\/\/www.tourisimaguide.be\/wp-content\/uploads\/2025\/11\/idm07326-768x512.jpg 768w, https:\/\/www.tourisimaguide.be\/wp-content\/uploads\/2025\/11\/idm07326-1536x1024.jpg 1536w, https:\/\/www.tourisimaguide.be\/wp-content\/uploads\/2025\/11\/idm07326-18x12.webp 18w, https:\/\/www.tourisimaguide.be\/wp-content\/uploads\/2025\/11\/idm07326.jpg 1800w\" sizes=\"(max-width: 1024px) 100vw, 1024px\" \/><\/figure>\n\n\n\n<h2 class=\"wp-block-heading\"><strong>Kn\u00f6del and spaghetti<\/strong><\/h2>\n\n\n\n<p>The Dolomites, an exceptional backdrop for snow sports. Emperor Franz Joseph was already skiing here at the end of the 19th century.<sup>e<\/sup> century, in what was to become the resort of Madonna di Campiglio. Every year at the end of February, a Habsburg carnival revives this history. Hussars, ladies in troikas, old-fashioned carts - all in period costume, of course, and certainly for those taking part in the Grand Bal de l'Empereur (admission to which is open to all), which is invariably held at the Grand H\u00f4tel des Alpes, in the prestigious Salle Hofer!<\/p>\n\n\n\n<figure class=\"wp-block-image size-large\"><img loading=\"lazy\" decoding=\"async\" width=\"1024\" height=\"682\" src=\"https:\/\/www.tourisimaguide.be\/wp-content\/uploads\/2025\/11\/IDM-Sudtirol-Alto-Adige-Manuel-Kottersteger-4-1-1024x682.jpg\" alt=\"\" class=\"wp-image-673452\" srcset=\"https:\/\/www.tourisimaguide.be\/wp-content\/uploads\/2025\/11\/IDM-Sudtirol-Alto-Adige-Manuel-Kottersteger-4-1-1024x682.jpg 1024w, https:\/\/www.tourisimaguide.be\/wp-content\/uploads\/2025\/11\/IDM-Sudtirol-Alto-Adige-Manuel-Kottersteger-4-1-300x200.jpg 300w, https:\/\/www.tourisimaguide.be\/wp-content\/uploads\/2025\/11\/IDM-Sudtirol-Alto-Adige-Manuel-Kottersteger-4-1-768x512.jpg 768w, https:\/\/www.tourisimaguide.be\/wp-content\/uploads\/2025\/11\/IDM-Sudtirol-Alto-Adige-Manuel-Kottersteger-4-1-1536x1024.jpg 1536w, https:\/\/www.tourisimaguide.be\/wp-content\/uploads\/2025\/11\/IDM-Sudtirol-Alto-Adige-Manuel-Kottersteger-4-1-18x12.webp 18w, https:\/\/www.tourisimaguide.be\/wp-content\/uploads\/2025\/11\/IDM-Sudtirol-Alto-Adige-Manuel-Kottersteger-4-1.jpg 2000w\" sizes=\"(max-width: 1024px) 100vw, 1024px\" \/><\/figure>\n\n\n\n<p>Historically, then, it was in these splendid mountains that skiing first developed in Italy. And it's even easier to understand why, when you visit the slopes. Starting with the Alpe di Suisi, a ski area stretching over the largest alpine pasture in Europe, at an altitude of 2,000 metres above Val Gardena. Here, you can ski either on very wide slopes or among the trees. An area much appreciated by families for its pleasant but not too steep slopes, its alpine huts made of weathered wood and where you can dine on the best the region has to offer. With the added nuance that in South Tyrol, the culture of the table, tasty and generous, combines kn\u00f6del and spaghetti. Smoked hams, wines, cheeses and homemade bread, usually flavored (with caraway seeds, for example), plus all the typical Italian specialties and ambience that families love.<\/p>\n\n\n\n<figure class=\"wp-block-image size-large\"><img loading=\"lazy\" decoding=\"async\" width=\"1024\" height=\"727\" src=\"https:\/\/www.tourisimaguide.be\/wp-content\/uploads\/2025\/11\/Val-Gardena-7-1024x727.jpg\" alt=\"\" class=\"wp-image-673432\" srcset=\"https:\/\/www.tourisimaguide.be\/wp-content\/uploads\/2025\/11\/Val-Gardena-7-1024x727.jpg 1024w, https:\/\/www.tourisimaguide.be\/wp-content\/uploads\/2025\/11\/Val-Gardena-7-300x213.jpg 300w, https:\/\/www.tourisimaguide.be\/wp-content\/uploads\/2025\/11\/Val-Gardena-7-768x545.jpg 768w, https:\/\/www.tourisimaguide.be\/wp-content\/uploads\/2025\/11\/Val-Gardena-7-1536x1091.jpg 1536w, https:\/\/www.tourisimaguide.be\/wp-content\/uploads\/2025\/11\/Val-Gardena-7-18x12.webp 18w, https:\/\/www.tourisimaguide.be\/wp-content\/uploads\/2025\/11\/Val-Gardena-7.jpg 2000w\" sizes=\"(max-width: 1024px) 100vw, 1024px\" \/><\/figure>\n\n\n\n<p>More experienced skiers (who don't need to be champions) can try a famous day-long ski tour around the Sella massif, the mountain that rises to over 3,000 metres just opposite Santa Cristina. The \u00abSella Ronda\u00bb passes through the Alta Badia, Val Gardena, Val di Fassa and Arabba ski areas, covering just over 23 kilometers of runs. To go from valley to valley, you need to take some fifteen lifts. It's a journey that isn't just the brainchild of a sportsman in search of a feat. In the past, the only way for locals to reach other villages and do a bit of business was with their two wooden planks and a good dose of courage, since there were no ski lifts! Today, it's pure pleasure, an exquisite hike from valley to valley, with breathtaking views of this mountain wonder.<\/p>\n\n\n\n<figure class=\"wp-block-image size-large\"><img loading=\"lazy\" decoding=\"async\" width=\"1024\" height=\"681\" src=\"https:\/\/www.tourisimaguide.be\/wp-content\/uploads\/2025\/11\/Val-Gardena-4-1024x681.jpg\" alt=\"\" class=\"wp-image-673431\" srcset=\"https:\/\/www.tourisimaguide.be\/wp-content\/uploads\/2025\/11\/Val-Gardena-4-1024x681.jpg 1024w, https:\/\/www.tourisimaguide.be\/wp-content\/uploads\/2025\/11\/Val-Gardena-4-300x200.jpg 300w, https:\/\/www.tourisimaguide.be\/wp-content\/uploads\/2025\/11\/Val-Gardena-4-768x511.jpg 768w, https:\/\/www.tourisimaguide.be\/wp-content\/uploads\/2025\/11\/Val-Gardena-4-1536x1022.jpg 1536w, https:\/\/www.tourisimaguide.be\/wp-content\/uploads\/2025\/11\/Val-Gardena-4-18x12.webp 18w, https:\/\/www.tourisimaguide.be\/wp-content\/uploads\/2025\/11\/Val-Gardena-4.jpg 2000w\" sizes=\"(max-width: 1024px) 100vw, 1024px\" \/><\/figure>\n\n\n\n<h2 class=\"wp-block-heading\"><strong>Birthplace of the via ferrata\u00ab<\/strong><\/h2>\n\n\n\n<p>In the villages that dot the Val Gardena, the influence of nearby Austria can be felt in the accommodation, dominated not by large buildings but by medium-sized chalets. Their facades are colored in pastel tones and often decorated with frescoes.<\/p>\n\n\n\n<figure class=\"wp-block-image size-large\"><img loading=\"lazy\" decoding=\"async\" width=\"1024\" height=\"682\" src=\"https:\/\/www.tourisimaguide.be\/wp-content\/uploads\/2025\/11\/\u00a9AlexFilz-8329-1024x682.jpg\" alt=\"\" class=\"wp-image-673445\" srcset=\"\" sizes=\"(max-width: 1024px) 100vw, 1024px\" data-srcset=\"\" \/><\/figure>\n\n\n\n<p>Apr\u00e8s-ski is an institution in Italy: shopping above all, but also relaxation, since most hotels in the region offer a spa. And then there are all the snow sports and, above all, snowshoe trekking, which is very popular for admiring the wild landscapes and unusual features of these unique mountains. And don't forget the via ferrata. Did you know that it was born here, in these mountains, during the First World War? On what was then the border with Austria-Hungary, soldiers from both sides had devised and installed an incredible network of metal cables and ladders, enabling them to traverse the vertiginous walls more quickly. Today, one of these routes makes it easy (albeit in 5 hours) to reach the highest peak in the Dolomites, the Marmolada, which for a long time marked the boundary between Italy and Austria.<\/p>\n\n\n\n<figure class=\"wp-block-image size-large\"><img loading=\"lazy\" decoding=\"async\" width=\"1024\" height=\"682\" src=\"https:\/\/www.tourisimaguide.be\/wp-content\/uploads\/2025\/11\/smg02289alfi-1024x682.jpg\" alt=\"\" class=\"wp-image-673450\" srcset=\"https:\/\/www.tourisimaguide.be\/wp-content\/uploads\/2025\/11\/smg02289alfi-1024x682.jpg 1024w, https:\/\/www.tourisimaguide.be\/wp-content\/uploads\/2025\/11\/smg02289alfi-300x200.jpg 300w, https:\/\/www.tourisimaguide.be\/wp-content\/uploads\/2025\/11\/smg02289alfi-768x511.jpg 768w, https:\/\/www.tourisimaguide.be\/wp-content\/uploads\/2025\/11\/smg02289alfi-1536x1022.jpg 1536w, https:\/\/www.tourisimaguide.be\/wp-content\/uploads\/2025\/11\/smg02289alfi-18x12.webp 18w, https:\/\/www.tourisimaguide.be\/wp-content\/uploads\/2025\/11\/smg02289alfi.jpg 1800w\" sizes=\"(max-width: 1024px) 100vw, 1024px\" \/><\/figure>\n\n\n\n<p>Now it's time to enjoy some of the many hours of sunshine that South Tyrol enjoys (over 300 days of sunshine a year!), before taking the convenient Bolzano-Antwerp direct flight again.<\/p>\n\n\n\n<figure class=\"wp-block-image size-large\"><img loading=\"lazy\" decoding=\"async\" width=\"1024\" height=\"682\" src=\"https:\/\/www.tourisimaguide.be\/wp-content\/uploads\/2025\/11\/idm05355alfi-1024x682.jpg\" alt=\"\" class=\"wp-image-673434\" srcset=\"https:\/\/www.tourisimaguide.be\/wp-content\/uploads\/2025\/11\/idm05355alfi-1024x682.jpg 1024w, https:\/\/www.tourisimaguide.be\/wp-content\/uploads\/2025\/11\/idm05355alfi-300x200.jpg 300w, https:\/\/www.tourisimaguide.be\/wp-content\/uploads\/2025\/11\/idm05355alfi-768x512.jpg 768w, https:\/\/www.tourisimaguide.be\/wp-content\/uploads\/2025\/11\/idm05355alfi-1536x1024.jpg 1536w, https:\/\/www.tourisimaguide.be\/wp-content\/uploads\/2025\/11\/idm05355alfi-18x12.webp 18w, https:\/\/www.tourisimaguide.be\/wp-content\/uploads\/2025\/11\/idm05355alfi.jpg 2000w\" sizes=\"(max-width: 1024px) 100vw, 1024px\" \/><\/figure>\n\n\n\n<h2 class=\"wp-block-heading\">Carnet de voyage:<\/h2>\n\n\n\n<p><strong>How to get there<\/strong>&nbsp;SkyAlps direct flights Antwerp-Bolzano. Note that South Tyrol offsets the CO2 of each of these flights! <a href=\"http:\/\/Www.skyalps.com\/\" target=\"_blank\" rel=\"noopener\">www.skyalps.com.<\/a><\/p>\n\n\n\n<p><strong>Accommodation\/eating<\/strong>&nbsp;:<\/p>\n\n\n\n<ul class=\"wp-block-list\">\n<li><strong>Hotel Vitalpina Dosses<\/strong>, Santa Cristina, <a href=\"http:\/\/www.dosses.it\/\" target=\"_blank\" rel=\"noopener\">www.dosses.it<\/a>. Lots of charm, run by the same family for generations. Apr\u00e8s-ski spa.<\/li>\n\n\n\n<li><strong>Hotel Mirandola<\/strong>, Loc. Ospizio 3, 38020 Passo Tonale, <a href=\"http:\/\/www.lamirandolahotel.it\/\" target=\"_blank\" rel=\"noopener\">www.lamirandolahotel.it<\/a>. A former hospice near a mountain pass, now converted into a superb hotel with undeniable charm. The view is breathtaking and, what's more, it's right on the slopes. And there's a spa for apr\u00e8s-ski. &nbsp;<\/li>\n\n\n\n<li><strong>Hotel Chalet del Brenta<\/strong>, 38086 Pinzolo, <a href=\"http:\/\/www.hotelchaletdelbrenta.com\/\" target=\"_blank\" rel=\"noopener\">www.hotelchaletdelbrenta.com<\/a>. A contemporary address on the Madonna di Campiglio estate with, once again, a state-of-the-art spa.<\/li>\n\n\n\n<li><strong>Gostner Schwaige<\/strong>, <a href=\"http:\/\/www.aussergost.com\/de\/gostner-schwaige\" target=\"_blank\" rel=\"noopener\">www.aussergost.com\/de\/gostner-schwaige<\/a>. Alpine chalet and dairy for a gourmet stopover in the sun. <\/li>\n<\/ul>\n\n\n\n<p><strong>Ski&nbsp;<\/strong>The Dolomiti Superski area covers the entire heart of the massif. <a href=\"http:\/\/www.dolomitisuperski.com\/\" target=\"_blank\" rel=\"noopener\">www.dolomitisuperski.com<\/a>.<\/p>\n\n\n\n<p><strong>More info<\/strong>&nbsp;: <a href=\"http:\/\/www.suedtirol.info\/\" target=\"_blank\" rel=\"noopener\">www.suedtirol.info<\/a>.<\/p>\n\n\n\n<figure class=\"wp-block-image size-large\"><img loading=\"lazy\" decoding=\"async\" width=\"1024\" height=\"632\" src=\"https:\/\/www.tourisimaguide.be\/wp-content\/uploads\/2025\/11\/IDM-Sudtirol-Alto-Adige-Manuel-Kottersteger-1-1024x632.jpg\" alt=\"\" class=\"wp-image-673427\" srcset=\"https:\/\/www.tourisimaguide.be\/wp-content\/uploads\/2025\/11\/IDM-Sudtirol-Alto-Adige-Manuel-Kottersteger-1-1024x632.jpg 1024w, https:\/\/www.tourisimaguide.be\/wp-content\/uploads\/2025\/11\/IDM-Sudtirol-Alto-Adige-Manuel-Kottersteger-1-300x185.jpg 300w, https:\/\/www.tourisimaguide.be\/wp-content\/uploads\/2025\/11\/IDM-Sudtirol-Alto-Adige-Manuel-Kottersteger-1-768x474.jpg 768w, https:\/\/www.tourisimaguide.be\/wp-content\/uploads\/2025\/11\/IDM-Sudtirol-Alto-Adige-Manuel-Kottersteger-1-1536x948.jpg 1536w, https:\/\/www.tourisimaguide.be\/wp-content\/uploads\/2025\/11\/IDM-Sudtirol-Alto-Adige-Manuel-Kottersteger-1-18x12.jpg 18w, https:\/\/www.tourisimaguide.be\/wp-content\/uploads\/2025\/11\/IDM-Sudtirol-Alto-Adige-Manuel-Kottersteger-1.jpg 2000w\" sizes=\"(max-width: 1024px) 100vw, 1024px\" \/><\/figure>\n\n\n\n<figure class=\"wp-block-image size-large\"><img loading=\"lazy\" decoding=\"async\" width=\"1024\" height=\"683\" src=\"https:\/\/www.tourisimaguide.be\/wp-content\/uploads\/2025\/11\/idm07339-1024x683.jpg\" alt=\"\" class=\"wp-image-673449\" srcset=\"https:\/\/www.tourisimaguide.be\/wp-content\/uploads\/2025\/11\/idm07339-1024x683.jpg 1024w, https:\/\/www.tourisimaguide.be\/wp-content\/uploads\/2025\/11\/idm07339-300x200.jpg 300w, https:\/\/www.tourisimaguide.be\/wp-content\/uploads\/2025\/11\/idm07339-768x512.jpg 768w, https:\/\/www.tourisimaguide.be\/wp-content\/uploads\/2025\/11\/idm07339-1536x1024.jpg 1536w, https:\/\/www.tourisimaguide.be\/wp-content\/uploads\/2025\/11\/idm07339-18x12.webp 18w, https:\/\/www.tourisimaguide.be\/wp-content\/uploads\/2025\/11\/idm07339.jpg 1800w\" sizes=\"(max-width: 1024px) 100vw, 1024px\" \/><\/figure>\n\n\n\n<p>Photo gallery: <em>S\u00fcd Tirol-Alto Adige<\/em><\/p>\n\n\n\n<p><\/p>","protected":false},"excerpt":{"rendered":"<p>Peintres, \u00e9crivains et po\u00e8tes, tous ont vant\u00e9 les beaut\u00e9s des Dolomites. C\u2019est que l\u2019on trouve ici quelques-uns des plus beaux paysages de montagne de la plan\u00e8te. A quoi s\u2019ajoutent neige et ensoleillement abondants mais aussi un art de vivre particuli\u00e8rement s\u00e9duisant. Par Eric Vancleynenbreugel Allemand ou italien&nbsp;? Lorsque je lui demande quelle est sa langue [&hellip;]<\/p>\n","protected":false},"author":11,"featured_media":673539,"comment_status":"closed","ping_status":"open","sticky":false,"template":"","format":"standard","meta":{"footnotes":""},"categories":[],"tags":[],"class_list":["post-673416","post","type-post","status-publish","format-standard","has-post-thumbnail","hentry"],"_links":{"self":[{"href":"https:\/\/www.tourisimaguide.be\/en\/wp-json\/wp\/v2\/posts\/673416","targetHints":{"allow":["GET"]}}],"collection":[{"href":"https:\/\/www.tourisimaguide.be\/en\/wp-json\/wp\/v2\/posts"}],"about":[{"href":"https:\/\/www.tourisimaguide.be\/en\/wp-json\/wp\/v2\/types\/post"}],"author":[{"embeddable":true,"href":"https:\/\/www.tourisimaguide.be\/en\/wp-json\/wp\/v2\/users\/11"}],"replies":[{"embeddable":true,"href":"https:\/\/www.tourisimaguide.be\/en\/wp-json\/wp\/v2\/comments?post=673416"}],"version-history":[{"count":13,"href":"https:\/\/www.tourisimaguide.be\/en\/wp-json\/wp\/v2\/posts\/673416\/revisions"}],"predecessor-version":[{"id":673538,"href":"https:\/\/www.tourisimaguide.be\/en\/wp-json\/wp\/v2\/posts\/673416\/revisions\/673538"}],"wp:featuredmedia":[{"embeddable":true,"href":"https:\/\/www.tourisimaguide.be\/en\/wp-json\/wp\/v2\/media\/673539"}],"wp:attachment":[{"href":"https:\/\/www.tourisimaguide.be\/en\/wp-json\/wp\/v2\/media?parent=673416"}],"wp:term":[{"taxonomy":"category","embeddable":true,"href":"https:\/\/www.tourisimaguide.be\/en\/wp-json\/wp\/v2\/categories?post=673416"},{"taxonomy":"post_tag","embeddable":true,"href":"https:\/\/www.tourisimaguide.be\/en\/wp-json\/wp\/v2\/tags?post=673416"}],"curies":[{"name":"wp","href":"https:\/\/api.w.org\/{rel}","templated":true}]}}